{"id":52,"date":"2024-11-22T13:11:07","date_gmt":"2024-11-22T13:11:07","guid":{"rendered":"https:\/\/europcar-ev-finland-prod.previewstage.net\/2024\/11\/22\/full-charge-ahead-with-europcar\/"},"modified":"2024-12-23T14:48:51","modified_gmt":"2024-12-23T14:48:51","slug":"full-charge-ahead-with-europcar","status":"publish","type":"post","link":"https:\/\/europcar-ev-finland-prod.previewstage.net\/fi\/2024\/11\/22\/full-charge-ahead-with-europcar\/","title":{"rendered":"Eteenp\u00e4in Europcarin kanssa"},"content":{"rendered":"<p><span data-sheets-root=\"1\">Europcarilla saat k\u00e4ytt\u00f6\u00f6si uusimmat s\u00e4hk\u00f6autot, jotka ovat kaikki alle kahden vuoden ik\u00e4isi\u00e4 \u2013 n\u00e4in voit varmistua, ett\u00e4 akun suorituskyky on erinomainen.<\/p>\n<p>Kun noudat auton, akku on aina t\u00e4ynn\u00e4. Suomessa voit palauttaa sen v\u00e4hint\u00e4\u00e4n 70 % ladattuna, joissain Europcar-maissa voit palauttaa akun tyhj\u00e4n\u00e4. Toimintamatka vaihtelee s\u00e4hk\u00f6auton tyypin, ajo-olosuhteiden ja valitun ajotilan mukaan. Esimerkiksi Eco-tilassa saatat saavuttaa 350 km toimintamatkan kaupungissa ja 280 km moottoritiell\u00e4.<\/p>\n<p>Kun vuokraat Europcarilta Suomen ulkopuolisissa Euroopan maissa, tarjoamme julkisen ja kotilatauskaapelin sek\u00e4 ilmaisen latauskortin, jota voi k\u00e4ytt\u00e4\u00e4 yli 600 000 latauspisteess\u00e4 ymp\u00e4ri Eurooppaa. Kuten sanomme: &#8220;Lataa liikkeell\u00e4, lataa miss\u00e4 vain olet!&#8221; Latausvaihtoehtoihin kuuluvat kotilaturit, julkiset latauspisteet ja pikalaturit.<\/p>\n<p>Kotilaturilla saat noin 100 km toimintas\u00e4teen seitsem\u00e4ss\u00e4 tunnissa, julkisessa latauspisteess\u00e4 sama onnistuu kahdessa tunnissa, ja pikalaturilla vain 15 minuutissa. Kotilatauksessa suosittelemme 10A-asetusta, ellei sinulla ole s\u00e4hk\u00f6autoille tarkoitettua pistorasiaa, kuten Green Up, joka kest\u00e4\u00e4 16A kuormituksen. V\u00e4lt\u00e4 muiden suuritehoisten laitteiden k\u00e4ytt\u00e4mist\u00e4 samassa virtapiiriss\u00e4, ettei sulake laukea.<\/p>\n<p>Lataaminen on varsin yksinkertaista. Avaa s\u00e4hk\u00f6auton latausportti, poista pistorasian suojus ja liit\u00e4 kaapeli. Kotona kytke ensin sein\u00e4\u00e4n ja sitten autoon. Moottoritieasemilla kaapeli on valmiiksi kiinnitetty pylv\u00e4\u00e4seen.<\/p>\n<p>Aja vihre\u00e4mmin Europcarin s\u00e4hk\u00f6autolla ja hy\u00f6dynn\u00e4 kattava latausverkosto ymp\u00e4ri Eurooppaa. <\/span><\/p>\n","protected":false},"excerpt":{"rendered":"<p>Europcarilla saat k\u00e4ytt\u00f6\u00f6si uusimmat s\u00e4hk\u00f6autot, jotka ovat kaikki alle kahden vuoden ik\u00e4isi\u00e4 \u2013 n\u00e4in voit varmistua, ett\u00e4 akun suorituskyky on erinomainen. Kun noudat auton, akku on aina t\u00e4ynn\u00e4. Suomessa voit palauttaa sen v\u00e4hint\u00e4\u00e4n 70 % ladattuna, joissain Europcar-maissa voit palauttaa akun tyhj\u00e4n\u00e4. Toimintamatka vaihtelee s\u00e4hk\u00f6auton tyypin, ajo-olosuhteiden ja valitun ajotilan mukaan. Esimerkiksi Eco-tilassa saatat saavuttaa &hellip; <a href=\"https:\/\/europcar-ev-finland-prod.previewstage.net\/fi\/2024\/11\/22\/full-charge-ahead-with-europcar\/\">Continued<\/a><\/p>\n","protected":false},"author":1,"featured_media":153,"comment_status":"open","ping_status":"open","sticky":false,"template":"","format":"standard","meta":{"_acf_changed":false,"footnotes":""},"categories":[2],"tags":[],"class_list":["post-52","post","type-post","status-publish","format-standard","has-post-thumbnail","hentry","category-uncategorized-fi"],"acf":[],"yoast_head":"<!-- This site is optimized with the Yoast SEO plugin v24.9 - https:\/\/yoast.com\/wordpress\/plugins\/seo\/ -->\n<title>Eteenp\u00e4in Europcarin kanssa - Europcar EV Finland<\/title>\n<meta name=\"robots\" content=\"index, follow, max-snippet:-1, max-image-preview:large, max-video-preview:-1\" \/>\n<link rel=\"canonical\" href=\"https:\/\/europcar-ev-finland-prod.previewstage.net\/fi\/2024\/11\/22\/full-charge-ahead-with-europcar\/\" \/>\n<meta property=\"og:locale\" content=\"fi_FI\" \/>\n<meta property=\"og:type\" content=\"article\" \/>\n<meta property=\"og:title\" content=\"Eteenp\u00e4in Europcarin kanssa - Europcar EV Finland\" \/>\n<meta property=\"og:description\" content=\"Europcarilla saat k\u00e4ytt\u00f6\u00f6si uusimmat s\u00e4hk\u00f6autot, jotka ovat kaikki alle kahden vuoden ik\u00e4isi\u00e4 \u2013 n\u00e4in voit varmistua, ett\u00e4 akun suorituskyky on erinomainen. Kun noudat auton, akku on aina t\u00e4ynn\u00e4. Suomessa voit palauttaa sen v\u00e4hint\u00e4\u00e4n 70 % ladattuna, joissain Europcar-maissa voit palauttaa akun tyhj\u00e4n\u00e4. Toimintamatka vaihtelee s\u00e4hk\u00f6auton tyypin, ajo-olosuhteiden ja valitun ajotilan mukaan. Esimerkiksi Eco-tilassa saatat saavuttaa &hellip; Continued\" \/>\n<meta property=\"og:url\" content=\"https:\/\/europcar-ev-finland-prod.previewstage.net\/fi\/2024\/11\/22\/full-charge-ahead-with-europcar\/\" \/>\n<meta property=\"og:site_name\" content=\"Europcar EV Finland\" \/>\n<meta property=\"article:published_time\" content=\"2024-11-22T13:11:07+00:00\" \/>\n<meta property=\"article:modified_time\" content=\"2024-12-23T14:48:51+00:00\" \/>\n<meta property=\"og:image\" content=\"https:\/\/europcar-ev-finland-prod.previewstage.net\/app\/uploads\/sites\/11\/2024\/11\/AdobeStock_717718255-338x300-1.webp\" \/>\n\t<meta property=\"og:image:width\" content=\"338\" \/>\n\t<meta property=\"og:image:height\" content=\"300\" \/>\n\t<meta property=\"og:image:type\" content=\"image\/webp\" \/>\n<meta name=\"author\" content=\"paf\" \/>\n<meta name=\"twitter:card\" content=\"summary_large_image\" \/>\n<meta name=\"twitter:label1\" content=\"Written by\" \/>\n\t<meta name=\"twitter:data1\" content=\"paf\" \/>\n\t<meta name=\"twitter:label2\" content=\"Est. reading time\" \/>\n\t<meta name=\"twitter:data2\" content=\"2 minutes\" \/>\n<script type=\"application\/ld+json\" class=\"yoast-schema-graph\">{\"@context\":\"https:\/\/schema.org\",\"@graph\":[{\"@type\":\"WebPage\",\"@id\":\"https:\/\/europcar-ev-finland-prod.previewstage.net\/fi\/2024\/11\/22\/full-charge-ahead-with-europcar\/\",\"url\":\"https:\/\/europcar-ev-finland-prod.previewstage.net\/fi\/2024\/11\/22\/full-charge-ahead-with-europcar\/\",\"name\":\"Eteenp\u00e4in Europcarin kanssa - Europcar EV Finland\",\"isPartOf\":{\"@id\":\"https:\/\/europcar-ev-finland-prod.previewstage.net\/fi\/fr\/#website\"},\"primaryImageOfPage\":{\"@id\":\"https:\/\/europcar-ev-finland-prod.previewstage.net\/fi\/2024\/11\/22\/full-charge-ahead-with-europcar\/#primaryimage\"},\"image\":{\"@id\":\"https:\/\/europcar-ev-finland-prod.previewstage.net\/fi\/2024\/11\/22\/full-charge-ahead-with-europcar\/#primaryimage\"},\"thumbnailUrl\":\"https:\/\/europcar-ev-finland-prod.previewstage.net\/app\/uploads\/sites\/11\/2024\/11\/AdobeStock_717718255-338x300-1.webp\",\"datePublished\":\"2024-11-22T13:11:07+00:00\",\"dateModified\":\"2024-12-23T14:48:51+00:00\",\"author\":{\"@id\":\"https:\/\/europcar-ev-finland-prod.previewstage.net\/fi\/fr\/#\/schema\/person\/913a23151c19cfd88b920e60eb6e0392\"},\"breadcrumb\":{\"@id\":\"https:\/\/europcar-ev-finland-prod.previewstage.net\/fi\/2024\/11\/22\/full-charge-ahead-with-europcar\/#breadcrumb\"},\"inLanguage\":\"fi\",\"potentialAction\":[{\"@type\":\"ReadAction\",\"target\":[\"https:\/\/europcar-ev-finland-prod.previewstage.net\/fi\/2024\/11\/22\/full-charge-ahead-with-europcar\/\"]}]},{\"@type\":\"ImageObject\",\"inLanguage\":\"fi\",\"@id\":\"https:\/\/europcar-ev-finland-prod.previewstage.net\/fi\/2024\/11\/22\/full-charge-ahead-with-europcar\/#primaryimage\",\"url\":\"https:\/\/europcar-ev-finland-prod.previewstage.net\/app\/uploads\/sites\/11\/2024\/11\/AdobeStock_717718255-338x300-1.webp\",\"contentUrl\":\"https:\/\/europcar-ev-finland-prod.previewstage.net\/app\/uploads\/sites\/11\/2024\/11\/AdobeStock_717718255-338x300-1.webp\",\"width\":338,\"height\":300},{\"@type\":\"BreadcrumbList\",\"@id\":\"https:\/\/europcar-ev-finland-prod.previewstage.net\/fi\/2024\/11\/22\/full-charge-ahead-with-europcar\/#breadcrumb\",\"itemListElement\":[{\"@type\":\"ListItem\",\"position\":1,\"name\":\"Home\",\"item\":\"https:\/\/europcar-ev-finland-prod.previewstage.net\/fi\/\"},{\"@type\":\"ListItem\",\"position\":2,\"name\":\"Eteenp\u00e4in Europcarin kanssa\"}]},{\"@type\":\"WebSite\",\"@id\":\"https:\/\/europcar-ev-finland-prod.previewstage.net\/fi\/fr\/#website\",\"url\":\"https:\/\/europcar-ev-finland-prod.previewstage.net\/fi\/fr\/\",\"name\":\"Europcar EV Finland\",\"description\":\"\",\"potentialAction\":[{\"@type\":\"SearchAction\",\"target\":{\"@type\":\"EntryPoint\",\"urlTemplate\":\"https:\/\/europcar-ev-finland-prod.previewstage.net\/fi\/fr\/?s={search_term_string}\"},\"query-input\":{\"@type\":\"PropertyValueSpecification\",\"valueRequired\":true,\"valueName\":\"search_term_string\"}}],\"inLanguage\":\"fi\"},{\"@type\":\"Person\",\"@id\":\"https:\/\/europcar-ev-finland-prod.previewstage.net\/fi\/fr\/#\/schema\/person\/913a23151c19cfd88b920e60eb6e0392\",\"name\":\"paf\",\"image\":{\"@type\":\"ImageObject\",\"inLanguage\":\"fi\",\"@id\":\"https:\/\/europcar-ev-finland-prod.previewstage.net\/fi\/fr\/#\/schema\/person\/image\/\",\"url\":\"https:\/\/secure.gravatar.com\/avatar\/a579ee7863a1f5b38a0aed0de7c5819cb0a6b9e3bc2cae711ee955e298d914ba?s=96&d=mm&r=g\",\"contentUrl\":\"https:\/\/secure.gravatar.com\/avatar\/a579ee7863a1f5b38a0aed0de7c5819cb0a6b9e3bc2cae711ee955e298d914ba?s=96&d=mm&r=g\",\"caption\":\"paf\"},\"sameAs\":[\"https:\/\/europcarev.previewstage.net\/wp\"],\"url\":\"https:\/\/europcar-ev-finland-prod.previewstage.net\/fi\/author\/paf\/\"}]}<\/script>\n<!-- \/ Yoast SEO plugin. -->","yoast_head_json":{"title":"Eteenp\u00e4in Europcarin kanssa - Europcar EV Finland","robots":{"index":"index","follow":"follow","max-snippet":"max-snippet:-1","max-image-preview":"max-image-preview:large","max-video-preview":"max-video-preview:-1"},"canonical":"https:\/\/europcar-ev-finland-prod.previewstage.net\/fi\/2024\/11\/22\/full-charge-ahead-with-europcar\/","og_locale":"fi_FI","og_type":"article","og_title":"Eteenp\u00e4in Europcarin kanssa - Europcar EV Finland","og_description":"Europcarilla saat k\u00e4ytt\u00f6\u00f6si uusimmat s\u00e4hk\u00f6autot, jotka ovat kaikki alle kahden vuoden ik\u00e4isi\u00e4 \u2013 n\u00e4in voit varmistua, ett\u00e4 akun suorituskyky on erinomainen. Kun noudat auton, akku on aina t\u00e4ynn\u00e4. Suomessa voit palauttaa sen v\u00e4hint\u00e4\u00e4n 70 % ladattuna, joissain Europcar-maissa voit palauttaa akun tyhj\u00e4n\u00e4. Toimintamatka vaihtelee s\u00e4hk\u00f6auton tyypin, ajo-olosuhteiden ja valitun ajotilan mukaan. Esimerkiksi Eco-tilassa saatat saavuttaa &hellip; Continued","og_url":"https:\/\/europcar-ev-finland-prod.previewstage.net\/fi\/2024\/11\/22\/full-charge-ahead-with-europcar\/","og_site_name":"Europcar EV Finland","article_published_time":"2024-11-22T13:11:07+00:00","article_modified_time":"2024-12-23T14:48:51+00:00","og_image":[{"width":338,"height":300,"url":"https:\/\/europcar-ev-finland-prod.previewstage.net\/app\/uploads\/sites\/11\/2024\/11\/AdobeStock_717718255-338x300-1.webp","type":"image\/webp"}],"author":"paf","twitter_card":"summary_large_image","twitter_misc":{"Written by":"paf","Est. reading time":"2 minutes"},"schema":{"@context":"https:\/\/schema.org","@graph":[{"@type":"WebPage","@id":"https:\/\/europcar-ev-finland-prod.previewstage.net\/fi\/2024\/11\/22\/full-charge-ahead-with-europcar\/","url":"https:\/\/europcar-ev-finland-prod.previewstage.net\/fi\/2024\/11\/22\/full-charge-ahead-with-europcar\/","name":"Eteenp\u00e4in Europcarin kanssa - Europcar EV Finland","isPartOf":{"@id":"https:\/\/europcar-ev-finland-prod.previewstage.net\/fi\/fr\/#website"},"primaryImageOfPage":{"@id":"https:\/\/europcar-ev-finland-prod.previewstage.net\/fi\/2024\/11\/22\/full-charge-ahead-with-europcar\/#primaryimage"},"image":{"@id":"https:\/\/europcar-ev-finland-prod.previewstage.net\/fi\/2024\/11\/22\/full-charge-ahead-with-europcar\/#primaryimage"},"thumbnailUrl":"https:\/\/europcar-ev-finland-prod.previewstage.net\/app\/uploads\/sites\/11\/2024\/11\/AdobeStock_717718255-338x300-1.webp","datePublished":"2024-11-22T13:11:07+00:00","dateModified":"2024-12-23T14:48:51+00:00","author":{"@id":"https:\/\/europcar-ev-finland-prod.previewstage.net\/fi\/fr\/#\/schema\/person\/913a23151c19cfd88b920e60eb6e0392"},"breadcrumb":{"@id":"https:\/\/europcar-ev-finland-prod.previewstage.net\/fi\/2024\/11\/22\/full-charge-ahead-with-europcar\/#breadcrumb"},"inLanguage":"fi","potentialAction":[{"@type":"ReadAction","target":["https:\/\/europcar-ev-finland-prod.previewstage.net\/fi\/2024\/11\/22\/full-charge-ahead-with-europcar\/"]}]},{"@type":"ImageObject","inLanguage":"fi","@id":"https:\/\/europcar-ev-finland-prod.previewstage.net\/fi\/2024\/11\/22\/full-charge-ahead-with-europcar\/#primaryimage","url":"https:\/\/europcar-ev-finland-prod.previewstage.net\/app\/uploads\/sites\/11\/2024\/11\/AdobeStock_717718255-338x300-1.webp","contentUrl":"https:\/\/europcar-ev-finland-prod.previewstage.net\/app\/uploads\/sites\/11\/2024\/11\/AdobeStock_717718255-338x300-1.webp","width":338,"height":300},{"@type":"BreadcrumbList","@id":"https:\/\/europcar-ev-finland-prod.previewstage.net\/fi\/2024\/11\/22\/full-charge-ahead-with-europcar\/#breadcrumb","itemListElement":[{"@type":"ListItem","position":1,"name":"Home","item":"https:\/\/europcar-ev-finland-prod.previewstage.net\/fi\/"},{"@type":"ListItem","position":2,"name":"Eteenp\u00e4in Europcarin kanssa"}]},{"@type":"WebSite","@id":"https:\/\/europcar-ev-finland-prod.previewstage.net\/fi\/fr\/#website","url":"https:\/\/europcar-ev-finland-prod.previewstage.net\/fi\/fr\/","name":"Europcar EV Finland","description":"","potentialAction":[{"@type":"SearchAction","target":{"@type":"EntryPoint","urlTemplate":"https:\/\/europcar-ev-finland-prod.previewstage.net\/fi\/fr\/?s={search_term_string}"},"query-input":{"@type":"PropertyValueSpecification","valueRequired":true,"valueName":"search_term_string"}}],"inLanguage":"fi"},{"@type":"Person","@id":"https:\/\/europcar-ev-finland-prod.previewstage.net\/fi\/fr\/#\/schema\/person\/913a23151c19cfd88b920e60eb6e0392","name":"paf","image":{"@type":"ImageObject","inLanguage":"fi","@id":"https:\/\/europcar-ev-finland-prod.previewstage.net\/fi\/fr\/#\/schema\/person\/image\/","url":"https:\/\/secure.gravatar.com\/avatar\/a579ee7863a1f5b38a0aed0de7c5819cb0a6b9e3bc2cae711ee955e298d914ba?s=96&d=mm&r=g","contentUrl":"https:\/\/secure.gravatar.com\/avatar\/a579ee7863a1f5b38a0aed0de7c5819cb0a6b9e3bc2cae711ee955e298d914ba?s=96&d=mm&r=g","caption":"paf"},"sameAs":["https:\/\/europcarev.previewstage.net\/wp"],"url":"https:\/\/europcar-ev-finland-prod.previewstage.net\/fi\/author\/paf\/"}]}},"_links":{"self":[{"href":"https:\/\/europcar-ev-finland-prod.previewstage.net\/fi\/wp-json\/wp\/v2\/posts\/52","targetHints":{"allow":["GET"]}}],"collection":[{"href":"https:\/\/europcar-ev-finland-prod.previewstage.net\/fi\/wp-json\/wp\/v2\/posts"}],"about":[{"href":"https:\/\/europcar-ev-finland-prod.previewstage.net\/fi\/wp-json\/wp\/v2\/types\/post"}],"author":[{"embeddable":true,"href":"https:\/\/europcar-ev-finland-prod.previewstage.net\/fi\/wp-json\/wp\/v2\/users\/1"}],"replies":[{"embeddable":true,"href":"https:\/\/europcar-ev-finland-prod.previewstage.net\/fi\/wp-json\/wp\/v2\/comments?post=52"}],"version-history":[{"count":1,"href":"https:\/\/europcar-ev-finland-prod.previewstage.net\/fi\/wp-json\/wp\/v2\/posts\/52\/revisions"}],"predecessor-version":[{"id":65,"href":"https:\/\/europcar-ev-finland-prod.previewstage.net\/fi\/wp-json\/wp\/v2\/posts\/52\/revisions\/65"}],"wp:featuredmedia":[{"embeddable":true,"href":"https:\/\/europcar-ev-finland-prod.previewstage.net\/fi\/wp-json\/wp\/v2\/media\/153"}],"wp:attachment":[{"href":"https:\/\/europcar-ev-finland-prod.previewstage.net\/fi\/wp-json\/wp\/v2\/media?parent=52"}],"wp:term":[{"taxonomy":"category","embeddable":true,"href":"https:\/\/europcar-ev-finland-prod.previewstage.net\/fi\/wp-json\/wp\/v2\/categories?post=52"},{"taxonomy":"post_tag","embeddable":true,"href":"https:\/\/europcar-ev-finland-prod.previewstage.net\/fi\/wp-json\/wp\/v2\/tags?post=52"}],"curies":[{"name":"wp","href":"https:\/\/api.w.org\/{rel}","templated":true}]}}