{"id":48,"date":"2024-11-22T13:11:07","date_gmt":"2024-11-22T13:11:07","guid":{"rendered":"https:\/\/europcar-ev-finland-prod.previewstage.net\/2024\/11\/22\/drive-further-go-greener\/"},"modified":"2024-12-23T14:43:24","modified_gmt":"2024-12-23T14:43:24","slug":"drive-further-go-greener","status":"publish","type":"post","link":"https:\/\/europcar-ev-finland-prod.previewstage.net\/fi\/2024\/11\/22\/drive-further-go-greener\/","title":{"rendered":"Aja pidemm\u00e4lle, aja vihre\u00e4mmin"},"content":{"rendered":"<p><span data-sheets-root=\"1\">S\u00e4hk\u00f6autot (EV) kasvattavat jatkuvasti suosiotaan. Siksi on entist\u00e4 t\u00e4rke\u00e4mp\u00e4\u00e4, ett\u00e4 kuljettajat maksimoivat ajoneuvonsa tehokkuuden sek\u00e4 optimoivat toimintamatkan. Ekologiset ajotavat tarjoavat k\u00e4yt\u00e4nn\u00f6n ratkaisuja, joilla s\u00e4hk\u00f6autoilija voi parhaiten hy\u00f6dynt\u00e4\u00e4 ajoneuvoaan, samalla minimoiden energiankulutuksen ja ymp\u00e4rist\u00f6vaikutukset.<\/p>\n<p>Yksi tehokas keino on k\u00e4ytt\u00e4\u00e4 monissa s\u00e4hk\u00f6auton malleissa saatavilla olevia esil\u00e4mmitys- ja esij\u00e4\u00e4hdytysominaisuuksia. Kun ajoneuvo on liitetty latausasemaan, voit ohjelmoida sen s\u00e4\u00e4t\u00e4m\u00e4\u00e4n matkustamon l\u00e4mp\u00f6tilaa ja n\u00e4in varmistaa sopivan sis\u00e4l\u00e4mp\u00f6tilan ilman, ett\u00e4 akun energiavarasto tyhjenee.<\/p>\n<p>Toinen hyv\u00e4 keino on ECO-ajotilan k\u00e4ytt\u00f6. Se rajoittaa kiihdytyst\u00e4 ja s\u00e4\u00e4t\u00e4\u00e4 l\u00e4mmitys- tai j\u00e4\u00e4hdytysj\u00e4rjestelmien toimintaa. ECO-tila j\u00e4ljittelee tavallisen bensiiniauton k\u00e4ytt\u00e4ytymist\u00e4, ja se voi merkitt\u00e4v\u00e4sti v\u00e4hent\u00e4\u00e4 energiankulutusta, mik\u00e4 on erityisen hy\u00f6dyllist\u00e4 uusille s\u00e4hk\u00f6auton k\u00e4ytt\u00e4jille.<\/p>\n<p>Tasaisen ajonopeuden yll\u00e4pit\u00e4minen on my\u00f6s ratkaisevan t\u00e4rke\u00e4\u00e4 toimintamatkan pident\u00e4misess\u00e4. V\u00e4ltt\u00e4m\u00e4ll\u00e4 nopeaa kiihdytyst\u00e4 ja hidastamista sek\u00e4 pysym\u00e4ll\u00e4 samalla nopeusalueella (esimerkiksi 70-80 km\/h), voit maksimoida ajomatkasi vaarantamatta ajoneuvon suorituskyky\u00e4. Tiesitk\u00f6, ett\u00e4 s\u00e4hk\u00f6autolla voi usein ajaa optimaalisissa olosuhteissa jopa 50% virallista toimintamatkaa pidemm\u00e4lle?<\/p>\n<p>Lis\u00e4ksi oikea rengashuolto on t\u00e4rke\u00e4\u00e4 s\u00e4hk\u00f6auton tehokkuuden parantamiseksi. Kun varmistat, ett\u00e4 renkaissa on riitt\u00e4v\u00e4t rengaspaineet, voit est\u00e4\u00e4 turhaa energiankulutusta ja autat s\u00e4ilytt\u00e4m\u00e4\u00e4n toimintamatkan pidemm\u00e4ll\u00e4 t\u00e4ht\u00e4imell\u00e4.<\/p>\n<p>Kun otat n\u00e4m\u00e4 ymp\u00e4rist\u00f6yst\u00e4v\u00e4lliset ajotekniikat osaksi p\u00e4ivitt\u00e4isi\u00e4 rutiinejasi, ne auttavat sinua maksimoimaan ajoneuvon toimintamatkaa ja minimoimaan ymp\u00e4rist\u00f6jalanj\u00e4lke\u00e4. Kest\u00e4vien ajotapojen avulla voit nauttia s\u00e4hk\u00f6liikkumisen eduista samalla, kun teet osasi puhtaamman ja vihre\u00e4mm\u00e4n tulevaisuuden puolesta. <\/span><\/p>\n","protected":false},"excerpt":{"rendered":"<p>S\u00e4hk\u00f6autot (EV) kasvattavat jatkuvasti suosiotaan. Siksi on entist\u00e4 t\u00e4rke\u00e4mp\u00e4\u00e4, ett\u00e4 kuljettajat maksimoivat ajoneuvonsa tehokkuuden sek\u00e4 optimoivat toimintamatkan. Ekologiset ajotavat tarjoavat k\u00e4yt\u00e4nn\u00f6n ratkaisuja, joilla s\u00e4hk\u00f6autoilija voi parhaiten hy\u00f6dynt\u00e4\u00e4 ajoneuvoaan, samalla minimoiden energiankulutuksen ja ymp\u00e4rist\u00f6vaikutukset. Yksi tehokas keino on k\u00e4ytt\u00e4\u00e4 monissa s\u00e4hk\u00f6auton malleissa saatavilla olevia esil\u00e4mmitys- ja esij\u00e4\u00e4hdytysominaisuuksia. Kun ajoneuvo on liitetty latausasemaan, voit ohjelmoida sen s\u00e4\u00e4t\u00e4m\u00e4\u00e4n &hellip; <a href=\"https:\/\/europcar-ev-finland-prod.previewstage.net\/fi\/2024\/11\/22\/drive-further-go-greener\/\">Continued<\/a><\/p>\n","protected":false},"author":1,"featured_media":159,"comment_status":"open","ping_status":"open","sticky":false,"template":"","format":"standard","meta":{"_acf_changed":false,"footnotes":""},"categories":[2],"tags":[],"class_list":["post-48","post","type-post","status-publish","format-standard","has-post-thumbnail","hentry","category-uncategorized-fi"],"acf":[],"yoast_head":"<!-- This site is optimized with the Yoast SEO plugin v24.9 - https:\/\/yoast.com\/wordpress\/plugins\/seo\/ -->\n<title>Aja pidemm\u00e4lle, aja vihre\u00e4mmin - Europcar EV Finland<\/title>\n<meta name=\"robots\" content=\"index, follow, max-snippet:-1, max-image-preview:large, max-video-preview:-1\" \/>\n<link rel=\"canonical\" href=\"https:\/\/europcar-ev-finland-prod.previewstage.net\/fi\/2024\/11\/22\/drive-further-go-greener\/\" \/>\n<meta property=\"og:locale\" content=\"fi_FI\" \/>\n<meta property=\"og:type\" content=\"article\" \/>\n<meta property=\"og:title\" content=\"Aja pidemm\u00e4lle, aja vihre\u00e4mmin - Europcar EV Finland\" \/>\n<meta property=\"og:description\" content=\"S\u00e4hk\u00f6autot (EV) kasvattavat jatkuvasti suosiotaan. Siksi on entist\u00e4 t\u00e4rke\u00e4mp\u00e4\u00e4, ett\u00e4 kuljettajat maksimoivat ajoneuvonsa tehokkuuden sek\u00e4 optimoivat toimintamatkan. Ekologiset ajotavat tarjoavat k\u00e4yt\u00e4nn\u00f6n ratkaisuja, joilla s\u00e4hk\u00f6autoilija voi parhaiten hy\u00f6dynt\u00e4\u00e4 ajoneuvoaan, samalla minimoiden energiankulutuksen ja ymp\u00e4rist\u00f6vaikutukset. Yksi tehokas keino on k\u00e4ytt\u00e4\u00e4 monissa s\u00e4hk\u00f6auton malleissa saatavilla olevia esil\u00e4mmitys- ja esij\u00e4\u00e4hdytysominaisuuksia. Kun ajoneuvo on liitetty latausasemaan, voit ohjelmoida sen s\u00e4\u00e4t\u00e4m\u00e4\u00e4n &hellip; Continued\" \/>\n<meta property=\"og:url\" content=\"https:\/\/europcar-ev-finland-prod.previewstage.net\/fi\/2024\/11\/22\/drive-further-go-greener\/\" \/>\n<meta property=\"og:site_name\" content=\"Europcar EV Finland\" \/>\n<meta property=\"article:published_time\" content=\"2024-11-22T13:11:07+00:00\" \/>\n<meta property=\"article:modified_time\" content=\"2024-12-23T14:43:24+00:00\" \/>\n<meta property=\"og:image\" content=\"https:\/\/europcar-ev-finland-prod.previewstage.net\/app\/uploads\/sites\/11\/2024\/11\/AdobeStock_84626103-scaled-1-338x300-1.webp\" \/>\n\t<meta property=\"og:image:width\" content=\"338\" \/>\n\t<meta property=\"og:image:height\" content=\"300\" \/>\n\t<meta property=\"og:image:type\" content=\"image\/webp\" \/>\n<meta name=\"author\" content=\"paf\" \/>\n<meta name=\"twitter:card\" content=\"summary_large_image\" \/>\n<meta name=\"twitter:label1\" content=\"Written by\" \/>\n\t<meta name=\"twitter:data1\" content=\"paf\" \/>\n\t<meta name=\"twitter:label2\" content=\"Est. reading time\" \/>\n\t<meta name=\"twitter:data2\" content=\"2 minutes\" \/>\n<script type=\"application\/ld+json\" class=\"yoast-schema-graph\">{\"@context\":\"https:\/\/schema.org\",\"@graph\":[{\"@type\":\"WebPage\",\"@id\":\"https:\/\/europcar-ev-finland-prod.previewstage.net\/fi\/2024\/11\/22\/drive-further-go-greener\/\",\"url\":\"https:\/\/europcar-ev-finland-prod.previewstage.net\/fi\/2024\/11\/22\/drive-further-go-greener\/\",\"name\":\"Aja pidemm\u00e4lle, aja vihre\u00e4mmin - Europcar EV Finland\",\"isPartOf\":{\"@id\":\"https:\/\/europcar-ev-finland-prod.previewstage.net\/fi\/fr\/#website\"},\"primaryImageOfPage\":{\"@id\":\"https:\/\/europcar-ev-finland-prod.previewstage.net\/fi\/2024\/11\/22\/drive-further-go-greener\/#primaryimage\"},\"image\":{\"@id\":\"https:\/\/europcar-ev-finland-prod.previewstage.net\/fi\/2024\/11\/22\/drive-further-go-greener\/#primaryimage\"},\"thumbnailUrl\":\"https:\/\/europcar-ev-finland-prod.previewstage.net\/app\/uploads\/sites\/11\/2024\/11\/AdobeStock_84626103-scaled-1-338x300-1.webp\",\"datePublished\":\"2024-11-22T13:11:07+00:00\",\"dateModified\":\"2024-12-23T14:43:24+00:00\",\"author\":{\"@id\":\"https:\/\/europcar-ev-finland-prod.previewstage.net\/fi\/fr\/#\/schema\/person\/913a23151c19cfd88b920e60eb6e0392\"},\"breadcrumb\":{\"@id\":\"https:\/\/europcar-ev-finland-prod.previewstage.net\/fi\/2024\/11\/22\/drive-further-go-greener\/#breadcrumb\"},\"inLanguage\":\"fi\",\"potentialAction\":[{\"@type\":\"ReadAction\",\"target\":[\"https:\/\/europcar-ev-finland-prod.previewstage.net\/fi\/2024\/11\/22\/drive-further-go-greener\/\"]}]},{\"@type\":\"ImageObject\",\"inLanguage\":\"fi\",\"@id\":\"https:\/\/europcar-ev-finland-prod.previewstage.net\/fi\/2024\/11\/22\/drive-further-go-greener\/#primaryimage\",\"url\":\"https:\/\/europcar-ev-finland-prod.previewstage.net\/app\/uploads\/sites\/11\/2024\/11\/AdobeStock_84626103-scaled-1-338x300-1.webp\",\"contentUrl\":\"https:\/\/europcar-ev-finland-prod.previewstage.net\/app\/uploads\/sites\/11\/2024\/11\/AdobeStock_84626103-scaled-1-338x300-1.webp\",\"width\":338,\"height\":300},{\"@type\":\"BreadcrumbList\",\"@id\":\"https:\/\/europcar-ev-finland-prod.previewstage.net\/fi\/2024\/11\/22\/drive-further-go-greener\/#breadcrumb\",\"itemListElement\":[{\"@type\":\"ListItem\",\"position\":1,\"name\":\"Home\",\"item\":\"https:\/\/europcar-ev-finland-prod.previewstage.net\/fi\/\"},{\"@type\":\"ListItem\",\"position\":2,\"name\":\"Aja pidemm\u00e4lle, aja vihre\u00e4mmin\"}]},{\"@type\":\"WebSite\",\"@id\":\"https:\/\/europcar-ev-finland-prod.previewstage.net\/fi\/fr\/#website\",\"url\":\"https:\/\/europcar-ev-finland-prod.previewstage.net\/fi\/fr\/\",\"name\":\"Europcar EV Finland\",\"description\":\"\",\"potentialAction\":[{\"@type\":\"SearchAction\",\"target\":{\"@type\":\"EntryPoint\",\"urlTemplate\":\"https:\/\/europcar-ev-finland-prod.previewstage.net\/fi\/fr\/?s={search_term_string}\"},\"query-input\":{\"@type\":\"PropertyValueSpecification\",\"valueRequired\":true,\"valueName\":\"search_term_string\"}}],\"inLanguage\":\"fi\"},{\"@type\":\"Person\",\"@id\":\"https:\/\/europcar-ev-finland-prod.previewstage.net\/fi\/fr\/#\/schema\/person\/913a23151c19cfd88b920e60eb6e0392\",\"name\":\"paf\",\"image\":{\"@type\":\"ImageObject\",\"inLanguage\":\"fi\",\"@id\":\"https:\/\/europcar-ev-finland-prod.previewstage.net\/fi\/fr\/#\/schema\/person\/image\/\",\"url\":\"https:\/\/secure.gravatar.com\/avatar\/a579ee7863a1f5b38a0aed0de7c5819cb0a6b9e3bc2cae711ee955e298d914ba?s=96&d=mm&r=g\",\"contentUrl\":\"https:\/\/secure.gravatar.com\/avatar\/a579ee7863a1f5b38a0aed0de7c5819cb0a6b9e3bc2cae711ee955e298d914ba?s=96&d=mm&r=g\",\"caption\":\"paf\"},\"sameAs\":[\"https:\/\/europcarev.previewstage.net\/wp\"],\"url\":\"https:\/\/europcar-ev-finland-prod.previewstage.net\/fi\/author\/paf\/\"}]}<\/script>\n<!-- \/ Yoast SEO plugin. -->","yoast_head_json":{"title":"Aja pidemm\u00e4lle, aja vihre\u00e4mmin - Europcar EV Finland","robots":{"index":"index","follow":"follow","max-snippet":"max-snippet:-1","max-image-preview":"max-image-preview:large","max-video-preview":"max-video-preview:-1"},"canonical":"https:\/\/europcar-ev-finland-prod.previewstage.net\/fi\/2024\/11\/22\/drive-further-go-greener\/","og_locale":"fi_FI","og_type":"article","og_title":"Aja pidemm\u00e4lle, aja vihre\u00e4mmin - Europcar EV Finland","og_description":"S\u00e4hk\u00f6autot (EV) kasvattavat jatkuvasti suosiotaan. Siksi on entist\u00e4 t\u00e4rke\u00e4mp\u00e4\u00e4, ett\u00e4 kuljettajat maksimoivat ajoneuvonsa tehokkuuden sek\u00e4 optimoivat toimintamatkan. Ekologiset ajotavat tarjoavat k\u00e4yt\u00e4nn\u00f6n ratkaisuja, joilla s\u00e4hk\u00f6autoilija voi parhaiten hy\u00f6dynt\u00e4\u00e4 ajoneuvoaan, samalla minimoiden energiankulutuksen ja ymp\u00e4rist\u00f6vaikutukset. Yksi tehokas keino on k\u00e4ytt\u00e4\u00e4 monissa s\u00e4hk\u00f6auton malleissa saatavilla olevia esil\u00e4mmitys- ja esij\u00e4\u00e4hdytysominaisuuksia. Kun ajoneuvo on liitetty latausasemaan, voit ohjelmoida sen s\u00e4\u00e4t\u00e4m\u00e4\u00e4n &hellip; Continued","og_url":"https:\/\/europcar-ev-finland-prod.previewstage.net\/fi\/2024\/11\/22\/drive-further-go-greener\/","og_site_name":"Europcar EV Finland","article_published_time":"2024-11-22T13:11:07+00:00","article_modified_time":"2024-12-23T14:43:24+00:00","og_image":[{"width":338,"height":300,"url":"https:\/\/europcar-ev-finland-prod.previewstage.net\/app\/uploads\/sites\/11\/2024\/11\/AdobeStock_84626103-scaled-1-338x300-1.webp","type":"image\/webp"}],"author":"paf","twitter_card":"summary_large_image","twitter_misc":{"Written by":"paf","Est. reading time":"2 minutes"},"schema":{"@context":"https:\/\/schema.org","@graph":[{"@type":"WebPage","@id":"https:\/\/europcar-ev-finland-prod.previewstage.net\/fi\/2024\/11\/22\/drive-further-go-greener\/","url":"https:\/\/europcar-ev-finland-prod.previewstage.net\/fi\/2024\/11\/22\/drive-further-go-greener\/","name":"Aja pidemm\u00e4lle, aja vihre\u00e4mmin - Europcar EV Finland","isPartOf":{"@id":"https:\/\/europcar-ev-finland-prod.previewstage.net\/fi\/fr\/#website"},"primaryImageOfPage":{"@id":"https:\/\/europcar-ev-finland-prod.previewstage.net\/fi\/2024\/11\/22\/drive-further-go-greener\/#primaryimage"},"image":{"@id":"https:\/\/europcar-ev-finland-prod.previewstage.net\/fi\/2024\/11\/22\/drive-further-go-greener\/#primaryimage"},"thumbnailUrl":"https:\/\/europcar-ev-finland-prod.previewstage.net\/app\/uploads\/sites\/11\/2024\/11\/AdobeStock_84626103-scaled-1-338x300-1.webp","datePublished":"2024-11-22T13:11:07+00:00","dateModified":"2024-12-23T14:43:24+00:00","author":{"@id":"https:\/\/europcar-ev-finland-prod.previewstage.net\/fi\/fr\/#\/schema\/person\/913a23151c19cfd88b920e60eb6e0392"},"breadcrumb":{"@id":"https:\/\/europcar-ev-finland-prod.previewstage.net\/fi\/2024\/11\/22\/drive-further-go-greener\/#breadcrumb"},"inLanguage":"fi","potentialAction":[{"@type":"ReadAction","target":["https:\/\/europcar-ev-finland-prod.previewstage.net\/fi\/2024\/11\/22\/drive-further-go-greener\/"]}]},{"@type":"ImageObject","inLanguage":"fi","@id":"https:\/\/europcar-ev-finland-prod.previewstage.net\/fi\/2024\/11\/22\/drive-further-go-greener\/#primaryimage","url":"https:\/\/europcar-ev-finland-prod.previewstage.net\/app\/uploads\/sites\/11\/2024\/11\/AdobeStock_84626103-scaled-1-338x300-1.webp","contentUrl":"https:\/\/europcar-ev-finland-prod.previewstage.net\/app\/uploads\/sites\/11\/2024\/11\/AdobeStock_84626103-scaled-1-338x300-1.webp","width":338,"height":300},{"@type":"BreadcrumbList","@id":"https:\/\/europcar-ev-finland-prod.previewstage.net\/fi\/2024\/11\/22\/drive-further-go-greener\/#breadcrumb","itemListElement":[{"@type":"ListItem","position":1,"name":"Home","item":"https:\/\/europcar-ev-finland-prod.previewstage.net\/fi\/"},{"@type":"ListItem","position":2,"name":"Aja pidemm\u00e4lle, aja vihre\u00e4mmin"}]},{"@type":"WebSite","@id":"https:\/\/europcar-ev-finland-prod.previewstage.net\/fi\/fr\/#website","url":"https:\/\/europcar-ev-finland-prod.previewstage.net\/fi\/fr\/","name":"Europcar EV Finland","description":"","potentialAction":[{"@type":"SearchAction","target":{"@type":"EntryPoint","urlTemplate":"https:\/\/europcar-ev-finland-prod.previewstage.net\/fi\/fr\/?s={search_term_string}"},"query-input":{"@type":"PropertyValueSpecification","valueRequired":true,"valueName":"search_term_string"}}],"inLanguage":"fi"},{"@type":"Person","@id":"https:\/\/europcar-ev-finland-prod.previewstage.net\/fi\/fr\/#\/schema\/person\/913a23151c19cfd88b920e60eb6e0392","name":"paf","image":{"@type":"ImageObject","inLanguage":"fi","@id":"https:\/\/europcar-ev-finland-prod.previewstage.net\/fi\/fr\/#\/schema\/person\/image\/","url":"https:\/\/secure.gravatar.com\/avatar\/a579ee7863a1f5b38a0aed0de7c5819cb0a6b9e3bc2cae711ee955e298d914ba?s=96&d=mm&r=g","contentUrl":"https:\/\/secure.gravatar.com\/avatar\/a579ee7863a1f5b38a0aed0de7c5819cb0a6b9e3bc2cae711ee955e298d914ba?s=96&d=mm&r=g","caption":"paf"},"sameAs":["https:\/\/europcarev.previewstage.net\/wp"],"url":"https:\/\/europcar-ev-finland-prod.previewstage.net\/fi\/author\/paf\/"}]}},"_links":{"self":[{"href":"https:\/\/europcar-ev-finland-prod.previewstage.net\/fi\/wp-json\/wp\/v2\/posts\/48","targetHints":{"allow":["GET"]}}],"collection":[{"href":"https:\/\/europcar-ev-finland-prod.previewstage.net\/fi\/wp-json\/wp\/v2\/posts"}],"about":[{"href":"https:\/\/europcar-ev-finland-prod.previewstage.net\/fi\/wp-json\/wp\/v2\/types\/post"}],"author":[{"embeddable":true,"href":"https:\/\/europcar-ev-finland-prod.previewstage.net\/fi\/wp-json\/wp\/v2\/users\/1"}],"replies":[{"embeddable":true,"href":"https:\/\/europcar-ev-finland-prod.previewstage.net\/fi\/wp-json\/wp\/v2\/comments?post=48"}],"version-history":[{"count":1,"href":"https:\/\/europcar-ev-finland-prod.previewstage.net\/fi\/wp-json\/wp\/v2\/posts\/48\/revisions"}],"predecessor-version":[{"id":61,"href":"https:\/\/europcar-ev-finland-prod.previewstage.net\/fi\/wp-json\/wp\/v2\/posts\/48\/revisions\/61"}],"wp:featuredmedia":[{"embeddable":true,"href":"https:\/\/europcar-ev-finland-prod.previewstage.net\/fi\/wp-json\/wp\/v2\/media\/159"}],"wp:attachment":[{"href":"https:\/\/europcar-ev-finland-prod.previewstage.net\/fi\/wp-json\/wp\/v2\/media?parent=48"}],"wp:term":[{"taxonomy":"category","embeddable":true,"href":"https:\/\/europcar-ev-finland-prod.previewstage.net\/fi\/wp-json\/wp\/v2\/categories?post=48"},{"taxonomy":"post_tag","embeddable":true,"href":"https:\/\/europcar-ev-finland-prod.previewstage.net\/fi\/wp-json\/wp\/v2\/tags?post=48"}],"curies":[{"name":"wp","href":"https:\/\/api.w.org\/{rel}","templated":true}]}}